{"id":436,"date":"2016-02-27T17:13:23","date_gmt":"2016-02-27T16:13:23","guid":{"rendered":"http:\/\/www.udsp62.fr\/?p=436"},"modified":"2016-02-27T17:13:37","modified_gmt":"2016-02-27T16:13:37","slug":"sainte-barbe-2015-du-cis-audruicq","status":"publish","type":"post","link":"https:\/\/www.udsp62.fr\/index.php\/2016\/02\/27\/sainte-barbe-2015-du-cis-audruicq\/","title":{"rendered":"Sainte Barbe 2015 du CIS Audruicq"},"content":{"rendered":"<p><span style=\"color: #003366;\">Lors de la c\u00e9r\u00e9monie de Sainte Barbe du CIS Audruicq, le Lieutenant Christophe DEVOS, d\u00e9l\u00e9gu\u00e9 d&rsquo;arrondissement de Saint Omer, a proc\u00e9d\u00e9 \u00e0 la remise des m\u00e9dailles de l&rsquo;UDSP62:<\/span><\/p>\n<p><span style=\"color: #003366;\">Echelon argent pour 15 ann\u00e9es de service<\/span><\/p>\n<ul>\n<li><span style=\"color: #003366;\">Adc David MOERCANT<\/span><\/li>\n<\/ul>\n<p><span style=\"color: #003366;\">Echelon bronze pour 10 ann\u00e9es de service:<\/span><\/p>\n<ul>\n<li><span style=\"color: #003366;\">Sgt Romain GUIBON<\/span><\/li>\n<li><span style=\"color: #003366;\">Cpl Alexandre LEROY<\/span><\/li>\n<li><span style=\"color: #003366;\">Sap Anthony LE HENNAUFF<\/span><\/li>\n<li><span style=\"color: #003366;\">Sap Benjamin GRESSIER<\/span><\/li>\n<\/ul>\n<p><span style=\"color: #003366;\">La c\u00e9r\u00e9monie s&rsquo;est d\u00e9roul\u00e9e en la pr\u00e9sence du Lcl Olivier LOISON, Chef du Groupement Territorial Ouest et de Mme Nicole CHEVALIER, Maire d&rsquo;Audruicq.<\/span><\/p>\n<figure id=\"attachment_407\" aria-describedby=\"caption-attachment-407\" style=\"width: 300px\" class=\"wp-caption alignleft\"><a href=\"https:\/\/www.udsp62.fr\/wp-content\/uploads\/2015\/08\/DSC_4846-e1456578886350.jpg\" rel=\"attachment wp-att-407\"><img loading=\"lazy\" decoding=\"async\" class=\"size-medium wp-image-407\" src=\"https:\/\/www.udsp62.fr\/wp-content\/uploads\/2015\/08\/DSC_4846-300x200.jpg\" alt=\"Sainte Barbe\" width=\"300\" height=\"200\" \/><\/a><figcaption id=\"caption-attachment-407\" class=\"wp-caption-text\">Sainte Barbe<\/figcaption><\/figure>\n<figure id=\"attachment_405\" aria-describedby=\"caption-attachment-405\" style=\"width: 300px\" class=\"wp-caption alignright\"><a href=\"https:\/\/www.udsp62.fr\/wp-content\/uploads\/2015\/08\/DSC_4806-e1456578959466.jpg\" rel=\"attachment wp-att-405\"><img loading=\"lazy\" decoding=\"async\" class=\"size-medium wp-image-405\" src=\"https:\/\/www.udsp62.fr\/wp-content\/uploads\/2015\/08\/DSC_4806-300x200.jpg\" alt=\"Sainte Barbe\" width=\"300\" height=\"200\" \/><\/a><figcaption id=\"caption-attachment-405\" class=\"wp-caption-text\">Sainte Barbe<\/figcaption><\/figure>\n<figure id=\"attachment_406\" aria-describedby=\"caption-attachment-406\" style=\"width: 300px\" class=\"wp-caption alignleft\"><a href=\"https:\/\/www.udsp62.fr\/wp-content\/uploads\/2015\/08\/DSC_4817-e1456578931322.jpg\" rel=\"attachment wp-att-406\"><img loading=\"lazy\" decoding=\"async\" class=\"size-medium wp-image-406\" src=\"https:\/\/www.udsp62.fr\/wp-content\/uploads\/2015\/08\/DSC_4817-300x200.jpg\" alt=\"Sainte Barbe\" width=\"300\" height=\"200\" \/><\/a><figcaption id=\"caption-attachment-406\" class=\"wp-caption-text\">Sainte Barbe<\/figcaption><\/figure>\n<figure id=\"attachment_404\" aria-describedby=\"caption-attachment-404\" style=\"width: 300px\" class=\"wp-caption alignright\"><a href=\"https:\/\/www.udsp62.fr\/wp-content\/uploads\/2015\/08\/DSC_4804-e1456578984180.jpg\" rel=\"attachment wp-att-404\"><img loading=\"lazy\" decoding=\"async\" class=\"size-medium wp-image-404\" src=\"https:\/\/www.udsp62.fr\/wp-content\/uploads\/2015\/08\/DSC_4804-300x200.jpg\" alt=\"Sainte Barbe\" width=\"300\" height=\"200\" \/><\/a><figcaption id=\"caption-attachment-404\" class=\"wp-caption-text\">Sainte Barbe<\/figcaption><\/figure>\n<p>&nbsp;<\/p>\n<p>&nbsp;<\/p>\n<p>&nbsp;<\/p>\n<p>&nbsp;<\/p>\n<p>&nbsp;<\/p>\n<p>&nbsp;<\/p>\n<p>&nbsp;<\/p>\n<p>&nbsp;<\/p>\n<p>&nbsp;<\/p>\n<p>&nbsp;<\/p>\n<p>&nbsp;<\/p>\n<p>&nbsp;<\/p>\n<p>Cr\u00e9dit photo: Nord Littoral<\/p>\n","protected":false},"excerpt":{"rendered":"<p>Lors de la c\u00e9r\u00e9monie de Sainte Barbe du CIS Audruicq, le Lieutenant Christophe DEVOS, d\u00e9l\u00e9gu\u00e9 d&rsquo;arrondissement de Saint Omer, a proc\u00e9d\u00e9 \u00e0 la remise des m\u00e9dailles de l&rsquo;UDSP62: Echelon argent pour 15 ann\u00e9es de service Adc David MOERCANT Echelon bronze pour 10 ann\u00e9es de service: Sgt Romain GUIBON Cpl Alexandre LEROY Sap Anthony LE HENNAUFF Sap Benjamin GRESSIER La c\u00e9r\u00e9monie s&rsquo;est d\u00e9roul\u00e9e en la pr\u00e9sence du Lcl Olivier LOISON, Chef du Groupement Territorial Ouest et de Mme Nicole CHEVALIER, Maire&#8230;<\/p>\n<p class=\"read-more\"><a class=\"btn btn-default\" href=\"https:\/\/www.udsp62.fr\/index.php\/2016\/02\/27\/sainte-barbe-2015-du-cis-audruicq\/\">Lire la suite<span class=\"screen-reader-text\"> Lire la suite<\/span><\/a><\/p>\n","protected":false},"author":1,"featured_media":405,"comment_status":"open","ping_status":"open","sticky":false,"template":"","format":"standard","meta":{"spay_email":"","footnotes":"","jetpack_publicize_message":"","jetpack_is_tweetstorm":false},"categories":[7],"tags":[],"class_list":["post-436","post","type-post","status-publish","format-standard","has-post-thumbnail","hentry","category-ceremonies"],"jetpack_featured_media_url":"https:\/\/www.udsp62.fr\/wp-content\/uploads\/2015\/08\/DSC_4806-e1456578959466.jpg","jetpack_publicize_connections":[],"jetpack_sharing_enabled":true,"jetpack_shortlink":"https:\/\/wp.me\/p81piT-72","_links":{"self":[{"href":"https:\/\/www.udsp62.fr\/index.php\/wp-json\/wp\/v2\/posts\/436","targetHints":{"allow":["GET"]}}],"collection":[{"href":"https:\/\/www.udsp62.fr\/index.php\/wp-json\/wp\/v2\/posts"}],"about":[{"href":"https:\/\/www.udsp62.fr\/index.php\/wp-json\/wp\/v2\/types\/post"}],"author":[{"embeddable":true,"href":"https:\/\/www.udsp62.fr\/index.php\/wp-json\/wp\/v2\/users\/1"}],"replies":[{"embeddable":true,"href":"https:\/\/www.udsp62.fr\/index.php\/wp-json\/wp\/v2\/comments?post=436"}],"version-history":[{"count":1,"href":"https:\/\/www.udsp62.fr\/index.php\/wp-json\/wp\/v2\/posts\/436\/revisions"}],"predecessor-version":[{"id":437,"href":"https:\/\/www.udsp62.fr\/index.php\/wp-json\/wp\/v2\/posts\/436\/revisions\/437"}],"wp:featuredmedia":[{"embeddable":true,"href":"https:\/\/www.udsp62.fr\/index.php\/wp-json\/wp\/v2\/media\/405"}],"wp:attachment":[{"href":"https:\/\/www.udsp62.fr\/index.php\/wp-json\/wp\/v2\/media?parent=436"}],"wp:term":[{"taxonomy":"category","embeddable":true,"href":"https:\/\/www.udsp62.fr\/index.php\/wp-json\/wp\/v2\/categories?post=436"},{"taxonomy":"post_tag","embeddable":true,"href":"https:\/\/www.udsp62.fr\/index.php\/wp-json\/wp\/v2\/tags?post=436"}],"curies":[{"name":"wp","href":"https:\/\/api.w.org\/{rel}","templated":true}]}}