{"id":366,"date":"2016-02-14T13:50:36","date_gmt":"2016-02-14T12:50:36","guid":{"rendered":"http:\/\/www.udsp62.fr\/?p=366"},"modified":"2016-02-27T13:49:19","modified_gmt":"2016-02-27T12:49:19","slug":"sainte-barbe-2015-cpi-sains-en-gohelle","status":"publish","type":"post","link":"https:\/\/www.udsp62.fr\/index.php\/2016\/02\/14\/sainte-barbe-2015-cpi-sains-en-gohelle\/","title":{"rendered":"Sainte Barbe 2015 CPI Sains en Gohelle"},"content":{"rendered":"<p>A l&rsquo;occasion de la Sainte Barbe 2015 du CPI Sains en Gohelle, il a \u00e9t\u00e9 proc\u00e9d\u00e9:<\/p>\n<ul>\n<li>A la remise de galons de commandant honoraire Herv\u00e9 LELEU<\/li>\n<li>A la mise \u00e0 la retraite du commandant honoraire Jean Fran\u00e7ois\u00a0CHARLET<\/li>\n<li style=\"text-align: left;\">A la remise de la m\u00e9daille d&rsquo;argent du l&rsquo;UDSP62 pour 15 ans de service au sergent honoraire Laurent LESPAGNOL<\/li>\n<\/ul>\n<div style=\"text-align: left;\"><a href=\"https:\/\/www.udsp62.fr\/wp-content\/uploads\/2016\/02\/Ste-Barbe-SEG-2015.jpg\" rel=\"attachment wp-att-367\"><img loading=\"lazy\" decoding=\"async\" class=\"aligncenter size-medium wp-image-367\" src=\"https:\/\/www.udsp62.fr\/wp-content\/uploads\/2016\/02\/Ste-Barbe-SEG-2015-300x200.jpg\" alt=\"Ste Barbe SEG 2015\" width=\"300\" height=\"200\" \/><\/a><\/div>\n<div style=\"text-align: left;\"><\/div>\n<div style=\"text-align: left;\">Photo: Mathieu Martel<\/div>\n","protected":false},"excerpt":{"rendered":"<p>A l&rsquo;occasion de la Sainte Barbe 2015 du CPI Sains en Gohelle, il a \u00e9t\u00e9 proc\u00e9d\u00e9: A la remise de galons de commandant honoraire Herv\u00e9 LELEU A la mise \u00e0 la retraite du commandant honoraire Jean Fran\u00e7ois\u00a0CHARLET A la remise de la m\u00e9daille d&rsquo;argent du l&rsquo;UDSP62 pour 15 ans de service au sergent honoraire Laurent LESPAGNOL Photo: Mathieu Martel<\/p>\n","protected":false},"author":1,"featured_media":367,"comment_status":"open","ping_status":"open","sticky":false,"template":"","format":"standard","meta":{"spay_email":"","footnotes":"","jetpack_publicize_message":"","jetpack_is_tweetstorm":false},"categories":[7],"tags":[],"class_list":["post-366","post","type-post","status-publish","format-standard","has-post-thumbnail","hentry","category-ceremonies"],"jetpack_featured_media_url":"https:\/\/www.udsp62.fr\/wp-content\/uploads\/2016\/02\/Ste-Barbe-SEG-2015-e1456579036784.jpg","jetpack_publicize_connections":[],"jetpack_sharing_enabled":true,"jetpack_shortlink":"https:\/\/wp.me\/p81piT-5U","_links":{"self":[{"href":"https:\/\/www.udsp62.fr\/index.php\/wp-json\/wp\/v2\/posts\/366","targetHints":{"allow":["GET"]}}],"collection":[{"href":"https:\/\/www.udsp62.fr\/index.php\/wp-json\/wp\/v2\/posts"}],"about":[{"href":"https:\/\/www.udsp62.fr\/index.php\/wp-json\/wp\/v2\/types\/post"}],"author":[{"embeddable":true,"href":"https:\/\/www.udsp62.fr\/index.php\/wp-json\/wp\/v2\/users\/1"}],"replies":[{"embeddable":true,"href":"https:\/\/www.udsp62.fr\/index.php\/wp-json\/wp\/v2\/comments?post=366"}],"version-history":[{"count":1,"href":"https:\/\/www.udsp62.fr\/index.php\/wp-json\/wp\/v2\/posts\/366\/revisions"}],"predecessor-version":[{"id":368,"href":"https:\/\/www.udsp62.fr\/index.php\/wp-json\/wp\/v2\/posts\/366\/revisions\/368"}],"wp:featuredmedia":[{"embeddable":true,"href":"https:\/\/www.udsp62.fr\/index.php\/wp-json\/wp\/v2\/media\/367"}],"wp:attachment":[{"href":"https:\/\/www.udsp62.fr\/index.php\/wp-json\/wp\/v2\/media?parent=366"}],"wp:term":[{"taxonomy":"category","embeddable":true,"href":"https:\/\/www.udsp62.fr\/index.php\/wp-json\/wp\/v2\/categories?post=366"},{"taxonomy":"post_tag","embeddable":true,"href":"https:\/\/www.udsp62.fr\/index.php\/wp-json\/wp\/v2\/tags?post=366"}],"curies":[{"name":"wp","href":"https:\/\/api.w.org\/{rel}","templated":true}]}}