{"id":353,"date":"2016-02-14T10:52:55","date_gmt":"2016-02-14T09:52:55","guid":{"rendered":"http:\/\/www.udsp62.fr\/?p=353"},"modified":"2016-02-27T17:46:58","modified_gmt":"2016-02-27T16:46:58","slug":"soutien-aux-sapeurs-pompiers-de-la-drome","status":"publish","type":"post","link":"https:\/\/www.udsp62.fr\/index.php\/2016\/02\/14\/soutien-aux-sapeurs-pompiers-de-la-drome\/","title":{"rendered":"Soutien aux sapeurs-pompiers de la Dr\u00f4me"},"content":{"rendered":"<p><span style=\"text-decoration: underline;\"><strong>Message du Colonel Eric FAURE, Pr\u00e9sident de la FNSPF:<\/strong><\/span><\/p>\n<p>Chers amis,<\/p>\n<p>Comme nous l\u2019avons \u00e9voqu\u00e9 le 22 janvier lors de la derni\u00e8re r\u00e9union des Pr\u00e9sidents d\u2019Unions , nos coll\u00e8gues sapeurs-pompiers de la Dr\u00f4me sont confront\u00e9s de la part du SDIS \u00e0 un important projet de restructuration du maillage territorial des centres d\u2019incendie et de secours.<\/p>\n<p>Motiv\u00e9 par une logique pr\u00e9tendue d\u2019\u00e9conomies, ce plan pr\u00e9voit en l\u2019\u00e9tat la fermeture de 20 centres d\u2019intervention, soit un quart des centres du d\u00e9partement.<\/p>\n<p>A rebours des engagements pris par les plus hautes autorit\u00e9s de l\u2019Etat et les acteurs de la gouvernance (ministre de l\u2019Int\u00e9rieur, ADF, AMF), elle remettrait en cause notre mod\u00e8le de s\u00e9curit\u00e9 civile\u00a0: l\u2019\u00e9quit\u00e9 des populations face aux secours de proximit\u00e9\u00a0; le volontariat comme vecteur d\u2019engagement, de vie sociale, de pr\u00e9vention et d\u2019\u00e9ducation citoyenne aux risques\u00a0; la capacit\u00e9 de r\u00e9ponse aux menaces et aux crises.<\/p>\n<p>Malgr\u00e9 l\u2019opposition exprim\u00e9e depuis plusieurs mois par les sapeurs-pompiers de la Dr\u00f4me et leur Union d\u00e9partementale \u00e0 ce projet engag\u00e9 sans l\u2019indispensable concertation pr\u00e9alable, malgr\u00e9 \u00a0la solidarit\u00e9 exprim\u00e9e par les populations et de nombreux \u00e9lus (maires, conseillers d\u00e9partementaux, parlementaires) et malgr\u00e9 l\u2019avis d\u00e9favorable \u00e9mis \u00e0 une large majorit\u00e9 par le CCDSPV, le pr\u00e9sident du conseil d\u2019administration du SDIS persiste dans son intention de soumettre ce plan au vote du CASDIS le 16 f\u00e9vrier prochain.<\/p>\n<p>A l\u2019appel de l\u2019UDSP 26 et des organisations syndicales, un grand rassemblement est organis\u00e9 le samedi 13 f\u00e9vrier \u00e0 Valence (<em>contact nou\u00e9 avec les organisateurs pour en repousser \u00e0 11heures l\u2019horaire, initialement pr\u00e9vu \u00e0 10 heures<\/em>).<\/p>\n<p>A la demande de nos coll\u00e8gues de la Dr\u00f4me, les sapeurs-pompiers de Rh\u00f4ne-Alpes et du Sud-M\u00e9diterran\u00e9e se mobilisent d\u2019ores et d\u00e9j\u00e0 \u00a0et feront le d\u00e9placement.<\/p>\n<p>En effet, ce ne sont pas seulement les sapeurs-pompiers de la Dr\u00f4me qui sont \u00a0menac\u00e9s, mais bel et bien les sapeurs-pompiers de France\u00a0!<\/p>\n<p>Ces derniers doivent, dans leur ensemble, r\u00e9pondre pr\u00e9sents et exprimer leur solidarit\u00e9 et leur d\u00e9termination pour obtenir le retrait de ce plan.<\/p>\n<p>Aussi, \u00e0 la demande du Comit\u00e9 ex\u00e9cutif, \u00a0je vous demande, en liaison avec les PUD de votre r\u00e9gion f\u00e9d\u00e9rale, de mobiliser vos troupes afin que nous apportions, concr\u00e8tement et visiblement, notre soutien \u00e0 nos coll\u00e8gues.<\/p>\n<p>Ce soutien pourra naturellement prendre la forme, pour ceux qui le peuvent, d\u2019une participation \u00e0 leurs c\u00f4t\u00e9s au rassemblement de Valence le samedi 13 (tenue\u00a0: chemise F 1 \u2013 parka ou blouson softshell le cas \u00e9ch\u00e9ant ; des chasubles <em>Sapeurs-Pompiers de France<\/em> seront disponibles sur place). Il pourra \u00e9galement, ou de mani\u00e8re alternative, se traduire par des actions de communication et des messages de soutien sur le web et les r\u00e9seaux sociaux.<\/p>\n<p>Je vous remercie de nous faire conna\u00eetre par retour de mail aupr\u00e8s de Guillaume BELLANGER\u00a0(g.bellanger@pompiers.fr) le nombre estimatif de participants au titre des d\u00e9partements de votre r\u00e9gion\u00a0f\u00e9d\u00e9rale.<\/p>\n<p>Je compte sur vous et vous remercie par avance de votre engagement.<\/p>\n<p>Bien amicalement,<\/p>\n<p>Eric FAURE<\/p>\n<p><span style=\"text-decoration: underline;\"><strong><a href=\"https:\/\/www.udsp62.fr\/wp-content\/uploads\/2016\/02\/CP-FNSPF-Fermetures-de-centres-dans-la-Drome-090216.pdf\" rel=\"\"><span style=\"color: #0066cc;\">Comuniqu\u00e9 de presse<\/span><\/a><\/strong><\/span><b><\/b><i><\/i><u><\/u><\/p>\n","protected":false},"excerpt":{"rendered":"<p>Message du Colonel Eric FAURE, Pr\u00e9sident de la FNSPF: Chers amis, Comme nous l\u2019avons \u00e9voqu\u00e9 le 22 janvier lors de la derni\u00e8re r\u00e9union des Pr\u00e9sidents d\u2019Unions , nos coll\u00e8gues sapeurs-pompiers de la Dr\u00f4me sont confront\u00e9s de la part du SDIS \u00e0 un important projet de restructuration du maillage territorial des centres d\u2019incendie et de secours. Motiv\u00e9 par une logique pr\u00e9tendue d\u2019\u00e9conomies, ce plan pr\u00e9voit en l\u2019\u00e9tat la fermeture de 20 centres d\u2019intervention, soit un quart des centres du d\u00e9partement. A&#8230;<\/p>\n<p class=\"read-more\"><a class=\"btn btn-default\" href=\"https:\/\/www.udsp62.fr\/index.php\/2016\/02\/14\/soutien-aux-sapeurs-pompiers-de-la-drome\/\">Lire la suite<span class=\"screen-reader-text\"> Lire la suite<\/span><\/a><\/p>\n","protected":false},"author":1,"featured_media":0,"comment_status":"open","ping_status":"open","sticky":false,"template":"","format":"standard","meta":{"spay_email":"","footnotes":"","jetpack_publicize_message":"","jetpack_is_tweetstorm":false},"categories":[8],"tags":[],"class_list":["post-353","post","type-post","status-publish","format-standard","hentry","category-fnspf"],"jetpack_featured_media_url":"","jetpack_publicize_connections":[],"jetpack_sharing_enabled":true,"jetpack_shortlink":"https:\/\/wp.me\/p81piT-5H","_links":{"self":[{"href":"https:\/\/www.udsp62.fr\/index.php\/wp-json\/wp\/v2\/posts\/353","targetHints":{"allow":["GET"]}}],"collection":[{"href":"https:\/\/www.udsp62.fr\/index.php\/wp-json\/wp\/v2\/posts"}],"about":[{"href":"https:\/\/www.udsp62.fr\/index.php\/wp-json\/wp\/v2\/types\/post"}],"author":[{"embeddable":true,"href":"https:\/\/www.udsp62.fr\/index.php\/wp-json\/wp\/v2\/users\/1"}],"replies":[{"embeddable":true,"href":"https:\/\/www.udsp62.fr\/index.php\/wp-json\/wp\/v2\/comments?post=353"}],"version-history":[{"count":4,"href":"https:\/\/www.udsp62.fr\/index.php\/wp-json\/wp\/v2\/posts\/353\/revisions"}],"predecessor-version":[{"id":357,"href":"https:\/\/www.udsp62.fr\/index.php\/wp-json\/wp\/v2\/posts\/353\/revisions\/357"}],"wp:attachment":[{"href":"https:\/\/www.udsp62.fr\/index.php\/wp-json\/wp\/v2\/media?parent=353"}],"wp:term":[{"taxonomy":"category","embeddable":true,"href":"https:\/\/www.udsp62.fr\/index.php\/wp-json\/wp\/v2\/categories?post=353"},{"taxonomy":"post_tag","embeddable":true,"href":"https:\/\/www.udsp62.fr\/index.php\/wp-json\/wp\/v2\/tags?post=353"}],"curies":[{"name":"wp","href":"https:\/\/api.w.org\/{rel}","templated":true}]}}